{"id":4471,"date":"2022-05-24T14:13:21","date_gmt":"2022-05-24T14:13:21","guid":{"rendered":"https:\/\/transaher.es\/?p=4471"},"modified":"2023-06-19T09:25:09","modified_gmt":"2023-06-19T07:25:09","slug":"ma-luz-cobos-directora-general-de-transaher-galardonada-con-el-premio-a-la-excelencia-logistica","status":"publish","type":"post","link":"https:\/\/transaher.es\/en\/ma-luz-cobos-directora-general-de-transaher-galardonada-con-el-premio-a-la-excelencia-logistica\/","title":{"rendered":"M\u00aa Luz Cobos, Directora General de Transaher galardonada con el Premio a la Excelencia Log\u00edstica"},"content":{"rendered":"<p>Ayer se celebr\u00f3 la &#8220;I Edici\u00f3n de los Premios 10 a la Excelencia Log\u00edstica y el Transporte&#8221; y nuestra Directora General, M\u00aa Luz Cobos fue galardonada por su trayectoria y su contribuci\u00f3n al sector. \u00a1Enhorabuena!<\/p>\n<p>Una carrera ligada Transaher desde hace 29 a\u00f1os donde tenemos la inmensa suerte de contar con una visi\u00f3n, profesionalidad y empuje que nos han convertido en referente absoluto en nuestro sector. #GoTransaher<\/p>\n","protected":false},"excerpt":{"rendered":"<p>Ayer se celebr\u00f3 la &#8220;I Edici\u00f3n de los Premios 10 a la Excelencia Log\u00edstica y el Transporte&#8221; y nuestra Directora General, M\u00aa Luz Cobos fue galardonada por su trayectoria y su contribuci\u00f3n al sector. \u00a1Enhorabuena! Una carrera ligada Transaher desde hace 29 a\u00f1os donde tenemos&#8230;<\/p>\n","protected":false},"author":5,"featured_media":4472,"comment_status":"open","ping_status":"closed","sticky":false,"template":"","format":"standard","meta":{"footnotes":""},"categories":[20],"tags":[],"class_list":["post-4471","post","type-post","status-publish","format-standard","has-post-thumbnail","hentry","category-cat-noticias"],"yoast_head":"<!-- This site is optimized with the Yoast SEO plugin v27.1.1 - https:\/\/yoast.com\/product\/yoast-seo-wordpress\/ -->\n<title>M\u00aa Luz Cobos, Directora General de Transaher galardonada con el Premio a la Excelencia Log\u00edstica | Transaher<\/title>\n<meta name=\"robots\" content=\"index, follow, max-snippet:-1, max-image-preview:large, max-video-preview:-1\" \/>\n<link rel=\"canonical\" href=\"https:\/\/transaher.es\/ma-luz-cobos-directora-general-de-transaher-galardonada-con-el-premio-a-la-excelencia-logistica\/\" \/>\n<meta property=\"og:locale\" content=\"en_US\" \/>\n<meta property=\"og:type\" content=\"article\" \/>\n<meta property=\"og:title\" content=\"M\u00aa Luz Cobos, Directora General de Transaher galardonada con el Premio a la Excelencia Log\u00edstica | Transaher\" \/>\n<meta property=\"og:description\" content=\"Ayer se celebr\u00f3 la &#8220;I Edici\u00f3n de los Premios 10 a la Excelencia Log\u00edstica y el Transporte&#8221; y nuestra Directora General, M\u00aa Luz Cobos fue galardonada por su trayectoria y su contribuci\u00f3n al sector. \u00a1Enhorabuena! Una carrera ligada Transaher desde hace 29 a\u00f1os donde tenemos...\" \/>\n<meta property=\"og:url\" content=\"https:\/\/transaher.es\/ma-luz-cobos-directora-general-de-transaher-galardonada-con-el-premio-a-la-excelencia-logistica\/\" \/>\n<meta property=\"og:site_name\" content=\"Transaher\" \/>\n<meta property=\"article:publisher\" content=\"https:\/\/www.facebook.com\/transaher.es\/\" \/>\n<meta property=\"article:published_time\" content=\"2022-05-24T14:13:21+00:00\" \/>\n<meta property=\"article:modified_time\" content=\"2023-06-19T07:25:09+00:00\" \/>\n<meta property=\"og:image\" content=\"https:\/\/transaher.es\/wp-content\/uploads\/2022\/06\/19052022-_Q4A930611.png\" \/>\n\t<meta property=\"og:image:width\" content=\"1500\" \/>\n\t<meta property=\"og:image:height\" content=\"1168\" \/>\n\t<meta property=\"og:image:type\" content=\"image\/png\" \/>\n<meta name=\"author\" content=\"alejandra fernandez\" \/>\n<meta name=\"twitter:card\" content=\"summary_large_image\" \/>\n<meta name=\"twitter:creator\" content=\"@Transaher\" \/>\n<meta name=\"twitter:site\" content=\"@Transaher\" \/>\n<meta name=\"twitter:label1\" content=\"Written by\" \/>\n\t<meta name=\"twitter:data1\" content=\"alejandra fernandez\" \/>\n\t<meta name=\"twitter:label2\" content=\"Est. reading time\" \/>\n\t<meta name=\"twitter:data2\" content=\"1 minute\" \/>\n<script type=\"application\/ld+json\" class=\"yoast-schema-graph\">{\"@context\":\"https:\/\/schema.org\",\"@graph\":[{\"@type\":\"Article\",\"@id\":\"https:\/\/transaher.es\/ma-luz-cobos-directora-general-de-transaher-galardonada-con-el-premio-a-la-excelencia-logistica\/#article\",\"isPartOf\":{\"@id\":\"https:\/\/transaher.es\/ma-luz-cobos-directora-general-de-transaher-galardonada-con-el-premio-a-la-excelencia-logistica\/\"},\"author\":{\"name\":\"alejandra fernandez\",\"@id\":\"https:\/\/transaher.es\/#\/schema\/person\/079cb695ecf06a5b5aa316d8ba136aec\"},\"headline\":\"M\u00aa Luz Cobos, Directora General de Transaher galardonada con el Premio a la Excelencia Log\u00edstica\",\"datePublished\":\"2022-05-24T14:13:21+00:00\",\"dateModified\":\"2023-06-19T07:25:09+00:00\",\"mainEntityOfPage\":{\"@id\":\"https:\/\/transaher.es\/ma-luz-cobos-directora-general-de-transaher-galardonada-con-el-premio-a-la-excelencia-logistica\/\"},\"wordCount\":86,\"commentCount\":0,\"publisher\":{\"@id\":\"https:\/\/transaher.es\/#organization\"},\"image\":{\"@id\":\"https:\/\/transaher.es\/ma-luz-cobos-directora-general-de-transaher-galardonada-con-el-premio-a-la-excelencia-logistica\/#primaryimage\"},\"thumbnailUrl\":\"https:\/\/transaher.es\/wp-content\/uploads\/2022\/06\/19052022-_Q4A930611.png\",\"articleSection\":[\"Noticias\"],\"inLanguage\":\"en-US\",\"potentialAction\":[{\"@type\":\"CommentAction\",\"name\":\"Comment\",\"target\":[\"https:\/\/transaher.es\/ma-luz-cobos-directora-general-de-transaher-galardonada-con-el-premio-a-la-excelencia-logistica\/#respond\"]}]},{\"@type\":\"WebPage\",\"@id\":\"https:\/\/transaher.es\/ma-luz-cobos-directora-general-de-transaher-galardonada-con-el-premio-a-la-excelencia-logistica\/\",\"url\":\"https:\/\/transaher.es\/ma-luz-cobos-directora-general-de-transaher-galardonada-con-el-premio-a-la-excelencia-logistica\/\",\"name\":\"M\u00aa Luz Cobos, Directora General de Transaher galardonada con el Premio a la Excelencia Log\u00edstica | Transaher\",\"isPartOf\":{\"@id\":\"https:\/\/transaher.es\/#website\"},\"primaryImageOfPage\":{\"@id\":\"https:\/\/transaher.es\/ma-luz-cobos-directora-general-de-transaher-galardonada-con-el-premio-a-la-excelencia-logistica\/#primaryimage\"},\"image\":{\"@id\":\"https:\/\/transaher.es\/ma-luz-cobos-directora-general-de-transaher-galardonada-con-el-premio-a-la-excelencia-logistica\/#primaryimage\"},\"thumbnailUrl\":\"https:\/\/transaher.es\/wp-content\/uploads\/2022\/06\/19052022-_Q4A930611.png\",\"datePublished\":\"2022-05-24T14:13:21+00:00\",\"dateModified\":\"2023-06-19T07:25:09+00:00\",\"breadcrumb\":{\"@id\":\"https:\/\/transaher.es\/ma-luz-cobos-directora-general-de-transaher-galardonada-con-el-premio-a-la-excelencia-logistica\/#breadcrumb\"},\"inLanguage\":\"en-US\",\"potentialAction\":[{\"@type\":\"ReadAction\",\"target\":[\"https:\/\/transaher.es\/ma-luz-cobos-directora-general-de-transaher-galardonada-con-el-premio-a-la-excelencia-logistica\/\"]}]},{\"@type\":\"ImageObject\",\"inLanguage\":\"en-US\",\"@id\":\"https:\/\/transaher.es\/ma-luz-cobos-directora-general-de-transaher-galardonada-con-el-premio-a-la-excelencia-logistica\/#primaryimage\",\"url\":\"https:\/\/transaher.es\/wp-content\/uploads\/2022\/06\/19052022-_Q4A930611.png\",\"contentUrl\":\"https:\/\/transaher.es\/wp-content\/uploads\/2022\/06\/19052022-_Q4A930611.png\",\"width\":1500,\"height\":1168},{\"@type\":\"BreadcrumbList\",\"@id\":\"https:\/\/transaher.es\/ma-luz-cobos-directora-general-de-transaher-galardonada-con-el-premio-a-la-excelencia-logistica\/#breadcrumb\",\"itemListElement\":[{\"@type\":\"ListItem\",\"position\":1,\"name\":\"Portada\",\"item\":\"https:\/\/transaher.es\/en\/home\/\"},{\"@type\":\"ListItem\",\"position\":2,\"name\":\"M\u00aa Luz Cobos, Directora General de Transaher galardonada con el Premio a la Excelencia Log\u00edstica\"}]},{\"@type\":\"WebSite\",\"@id\":\"https:\/\/transaher.es\/#website\",\"url\":\"https:\/\/transaher.es\/\",\"name\":\"Transaher\",\"description\":\"\",\"publisher\":{\"@id\":\"https:\/\/transaher.es\/#organization\"},\"potentialAction\":[{\"@type\":\"SearchAction\",\"target\":{\"@type\":\"EntryPoint\",\"urlTemplate\":\"https:\/\/transaher.es\/?s={search_term_string}\"},\"query-input\":{\"@type\":\"PropertyValueSpecification\",\"valueRequired\":true,\"valueName\":\"search_term_string\"}}],\"inLanguage\":\"en-US\"},{\"@type\":\"Organization\",\"@id\":\"https:\/\/transaher.es\/#organization\",\"name\":\"Transaher\",\"url\":\"https:\/\/transaher.es\/\",\"logo\":{\"@type\":\"ImageObject\",\"inLanguage\":\"en-US\",\"@id\":\"https:\/\/transaher.es\/#\/schema\/logo\/image\/\",\"url\":\"https:\/\/transaher.es\/wp-content\/uploads\/2018\/09\/transaher-logo-noa.png\",\"contentUrl\":\"https:\/\/transaher.es\/wp-content\/uploads\/2018\/09\/transaher-logo-noa.png\",\"width\":400,\"height\":105,\"caption\":\"Transaher\"},\"image\":{\"@id\":\"https:\/\/transaher.es\/#\/schema\/logo\/image\/\"},\"sameAs\":[\"https:\/\/www.facebook.com\/transaher.es\/\",\"https:\/\/x.com\/Transaher\",\"https:\/\/www.linkedin.com\/company\/transahersmartlogistics\/about\/\",\"https:\/\/www.youtube.com\/channel\/UCPWuHRLo4Lvp5uv4qI94ZYQ\"]},{\"@type\":\"Person\",\"@id\":\"https:\/\/transaher.es\/#\/schema\/person\/079cb695ecf06a5b5aa316d8ba136aec\",\"name\":\"alejandra fernandez\",\"image\":{\"@type\":\"ImageObject\",\"inLanguage\":\"en-US\",\"@id\":\"https:\/\/transaher.es\/#\/schema\/person\/image\/\",\"url\":\"https:\/\/secure.gravatar.com\/avatar\/da4d7743f67bc82236eb1aff1e857b27b6e78bb6d41db8531b9cebd743e9287f?s=96&d=mm&r=g\",\"contentUrl\":\"https:\/\/secure.gravatar.com\/avatar\/da4d7743f67bc82236eb1aff1e857b27b6e78bb6d41db8531b9cebd743e9287f?s=96&d=mm&r=g\",\"caption\":\"alejandra fernandez\"}}]}<\/script>\n<!-- \/ Yoast SEO plugin. -->","yoast_head_json":{"title":"M\u00aa Luz Cobos, Directora General de Transaher galardonada con el Premio a la Excelencia Log\u00edstica | Transaher","robots":{"index":"index","follow":"follow","max-snippet":"max-snippet:-1","max-image-preview":"max-image-preview:large","max-video-preview":"max-video-preview:-1"},"canonical":"https:\/\/transaher.es\/ma-luz-cobos-directora-general-de-transaher-galardonada-con-el-premio-a-la-excelencia-logistica\/","og_locale":"en_US","og_type":"article","og_title":"M\u00aa Luz Cobos, Directora General de Transaher galardonada con el Premio a la Excelencia Log\u00edstica | Transaher","og_description":"Ayer se celebr\u00f3 la &#8220;I Edici\u00f3n de los Premios 10 a la Excelencia Log\u00edstica y el Transporte&#8221; y nuestra Directora General, M\u00aa Luz Cobos fue galardonada por su trayectoria y su contribuci\u00f3n al sector. \u00a1Enhorabuena! Una carrera ligada Transaher desde hace 29 a\u00f1os donde tenemos...","og_url":"https:\/\/transaher.es\/ma-luz-cobos-directora-general-de-transaher-galardonada-con-el-premio-a-la-excelencia-logistica\/","og_site_name":"Transaher","article_publisher":"https:\/\/www.facebook.com\/transaher.es\/","article_published_time":"2022-05-24T14:13:21+00:00","article_modified_time":"2023-06-19T07:25:09+00:00","og_image":[{"width":1500,"height":1168,"url":"https:\/\/transaher.es\/wp-content\/uploads\/2022\/06\/19052022-_Q4A930611.png","type":"image\/png"}],"author":"alejandra fernandez","twitter_card":"summary_large_image","twitter_creator":"@Transaher","twitter_site":"@Transaher","twitter_misc":{"Written by":"alejandra fernandez","Est. reading time":"1 minute"},"schema":{"@context":"https:\/\/schema.org","@graph":[{"@type":"Article","@id":"https:\/\/transaher.es\/ma-luz-cobos-directora-general-de-transaher-galardonada-con-el-premio-a-la-excelencia-logistica\/#article","isPartOf":{"@id":"https:\/\/transaher.es\/ma-luz-cobos-directora-general-de-transaher-galardonada-con-el-premio-a-la-excelencia-logistica\/"},"author":{"name":"alejandra fernandez","@id":"https:\/\/transaher.es\/#\/schema\/person\/079cb695ecf06a5b5aa316d8ba136aec"},"headline":"M\u00aa Luz Cobos, Directora General de Transaher galardonada con el Premio a la Excelencia Log\u00edstica","datePublished":"2022-05-24T14:13:21+00:00","dateModified":"2023-06-19T07:25:09+00:00","mainEntityOfPage":{"@id":"https:\/\/transaher.es\/ma-luz-cobos-directora-general-de-transaher-galardonada-con-el-premio-a-la-excelencia-logistica\/"},"wordCount":86,"commentCount":0,"publisher":{"@id":"https:\/\/transaher.es\/#organization"},"image":{"@id":"https:\/\/transaher.es\/ma-luz-cobos-directora-general-de-transaher-galardonada-con-el-premio-a-la-excelencia-logistica\/#primaryimage"},"thumbnailUrl":"https:\/\/transaher.es\/wp-content\/uploads\/2022\/06\/19052022-_Q4A930611.png","articleSection":["Noticias"],"inLanguage":"en-US","potentialAction":[{"@type":"CommentAction","name":"Comment","target":["https:\/\/transaher.es\/ma-luz-cobos-directora-general-de-transaher-galardonada-con-el-premio-a-la-excelencia-logistica\/#respond"]}]},{"@type":"WebPage","@id":"https:\/\/transaher.es\/ma-luz-cobos-directora-general-de-transaher-galardonada-con-el-premio-a-la-excelencia-logistica\/","url":"https:\/\/transaher.es\/ma-luz-cobos-directora-general-de-transaher-galardonada-con-el-premio-a-la-excelencia-logistica\/","name":"M\u00aa Luz Cobos, Directora General de Transaher galardonada con el Premio a la Excelencia Log\u00edstica | Transaher","isPartOf":{"@id":"https:\/\/transaher.es\/#website"},"primaryImageOfPage":{"@id":"https:\/\/transaher.es\/ma-luz-cobos-directora-general-de-transaher-galardonada-con-el-premio-a-la-excelencia-logistica\/#primaryimage"},"image":{"@id":"https:\/\/transaher.es\/ma-luz-cobos-directora-general-de-transaher-galardonada-con-el-premio-a-la-excelencia-logistica\/#primaryimage"},"thumbnailUrl":"https:\/\/transaher.es\/wp-content\/uploads\/2022\/06\/19052022-_Q4A930611.png","datePublished":"2022-05-24T14:13:21+00:00","dateModified":"2023-06-19T07:25:09+00:00","breadcrumb":{"@id":"https:\/\/transaher.es\/ma-luz-cobos-directora-general-de-transaher-galardonada-con-el-premio-a-la-excelencia-logistica\/#breadcrumb"},"inLanguage":"en-US","potentialAction":[{"@type":"ReadAction","target":["https:\/\/transaher.es\/ma-luz-cobos-directora-general-de-transaher-galardonada-con-el-premio-a-la-excelencia-logistica\/"]}]},{"@type":"ImageObject","inLanguage":"en-US","@id":"https:\/\/transaher.es\/ma-luz-cobos-directora-general-de-transaher-galardonada-con-el-premio-a-la-excelencia-logistica\/#primaryimage","url":"https:\/\/transaher.es\/wp-content\/uploads\/2022\/06\/19052022-_Q4A930611.png","contentUrl":"https:\/\/transaher.es\/wp-content\/uploads\/2022\/06\/19052022-_Q4A930611.png","width":1500,"height":1168},{"@type":"BreadcrumbList","@id":"https:\/\/transaher.es\/ma-luz-cobos-directora-general-de-transaher-galardonada-con-el-premio-a-la-excelencia-logistica\/#breadcrumb","itemListElement":[{"@type":"ListItem","position":1,"name":"Portada","item":"https:\/\/transaher.es\/en\/home\/"},{"@type":"ListItem","position":2,"name":"M\u00aa Luz Cobos, Directora General de Transaher galardonada con el Premio a la Excelencia Log\u00edstica"}]},{"@type":"WebSite","@id":"https:\/\/transaher.es\/#website","url":"https:\/\/transaher.es\/","name":"Transaher","description":"","publisher":{"@id":"https:\/\/transaher.es\/#organization"},"potentialAction":[{"@type":"SearchAction","target":{"@type":"EntryPoint","urlTemplate":"https:\/\/transaher.es\/?s={search_term_string}"},"query-input":{"@type":"PropertyValueSpecification","valueRequired":true,"valueName":"search_term_string"}}],"inLanguage":"en-US"},{"@type":"Organization","@id":"https:\/\/transaher.es\/#organization","name":"Transaher","url":"https:\/\/transaher.es\/","logo":{"@type":"ImageObject","inLanguage":"en-US","@id":"https:\/\/transaher.es\/#\/schema\/logo\/image\/","url":"https:\/\/transaher.es\/wp-content\/uploads\/2018\/09\/transaher-logo-noa.png","contentUrl":"https:\/\/transaher.es\/wp-content\/uploads\/2018\/09\/transaher-logo-noa.png","width":400,"height":105,"caption":"Transaher"},"image":{"@id":"https:\/\/transaher.es\/#\/schema\/logo\/image\/"},"sameAs":["https:\/\/www.facebook.com\/transaher.es\/","https:\/\/x.com\/Transaher","https:\/\/www.linkedin.com\/company\/transahersmartlogistics\/about\/","https:\/\/www.youtube.com\/channel\/UCPWuHRLo4Lvp5uv4qI94ZYQ"]},{"@type":"Person","@id":"https:\/\/transaher.es\/#\/schema\/person\/079cb695ecf06a5b5aa316d8ba136aec","name":"alejandra fernandez","image":{"@type":"ImageObject","inLanguage":"en-US","@id":"https:\/\/transaher.es\/#\/schema\/person\/image\/","url":"https:\/\/secure.gravatar.com\/avatar\/da4d7743f67bc82236eb1aff1e857b27b6e78bb6d41db8531b9cebd743e9287f?s=96&d=mm&r=g","contentUrl":"https:\/\/secure.gravatar.com\/avatar\/da4d7743f67bc82236eb1aff1e857b27b6e78bb6d41db8531b9cebd743e9287f?s=96&d=mm&r=g","caption":"alejandra fernandez"}}]}},"_links":{"self":[{"href":"https:\/\/transaher.es\/en\/wp-json\/wp\/v2\/posts\/4471","targetHints":{"allow":["GET"]}}],"collection":[{"href":"https:\/\/transaher.es\/en\/wp-json\/wp\/v2\/posts"}],"about":[{"href":"https:\/\/transaher.es\/en\/wp-json\/wp\/v2\/types\/post"}],"author":[{"embeddable":true,"href":"https:\/\/transaher.es\/en\/wp-json\/wp\/v2\/users\/5"}],"replies":[{"embeddable":true,"href":"https:\/\/transaher.es\/en\/wp-json\/wp\/v2\/comments?post=4471"}],"version-history":[{"count":0,"href":"https:\/\/transaher.es\/en\/wp-json\/wp\/v2\/posts\/4471\/revisions"}],"wp:featuredmedia":[{"embeddable":true,"href":"https:\/\/transaher.es\/en\/wp-json\/wp\/v2\/media\/4472"}],"wp:attachment":[{"href":"https:\/\/transaher.es\/en\/wp-json\/wp\/v2\/media?parent=4471"}],"wp:term":[{"taxonomy":"category","embeddable":true,"href":"https:\/\/transaher.es\/en\/wp-json\/wp\/v2\/categories?post=4471"},{"taxonomy":"post_tag","embeddable":true,"href":"https:\/\/transaher.es\/en\/wp-json\/wp\/v2\/tags?post=4471"}],"curies":[{"name":"wp","href":"https:\/\/api.w.org\/{rel}","templated":true}]}}