{"id":2939,"date":"2021-07-20T08:04:33","date_gmt":"2021-07-20T08:04:33","guid":{"rendered":"https:\/\/transaher.avalonprplus.com\/?p=2939"},"modified":"2023-06-19T09:26:30","modified_gmt":"2023-06-19T07:26:30","slug":"transaher-acompana-a-haier-en-su-roadshow-por-espana","status":"publish","type":"post","link":"https:\/\/transaher.es\/en\/transaher-acompana-a-haier-en-su-roadshow-por-espana\/","title":{"rendered":"Transaher acompa\u00f1a a Haier en su roadshow por Espa\u00f1a"},"content":{"rendered":"<p>Cuidar y responder a las necesidades m\u00e1s especiales de nuestros clientes es parte de nuestro ADN.<\/p>\n<p>Por ello, cuando\u00a0<a href=\"https:\/\/www.linkedin.com\/company\/haier-aire\/?lipi=urn%3Ali%3Apage%3Ad_flagship3_company_admin%3BXB06%2FYe4QguNn7T%2FOv1ZvA%3D%3D\" data-attribute-index=\"0\" data-entity-hovercard-id=\"urn:li:fs_miniCompany:71540346\" data-entity-type=\"MINI_COMPANY\" data-ntt-old-href=\"https:\/\/www.linkedin.com\/company\/haier-aire\/\" aria-expanded=\"true\" aria-controls=\"ember1738\">Haier Aire<\/a>\u00a0nos habl\u00f3 de su roadshow dimos con la soluci\u00f3n perfecta. Junto a ellos enfocamos la\u00a0<a href=\"https:\/\/transaher.es\/transporte-2\/\">soluci\u00f3n de transporte id\u00f3nea<\/a>\u00a0y durante julio y agosto estaremos recorriendo las carreteras espa\u00f1olas mostrando toda su gama para instaladores de climatizaci\u00f3n. De ese modo, Transaher es el operador de transporte elegido por Haier para su roadshow por Espa\u00f1a. A trav\u00e9s de este showroom, los clientes podr\u00e1n conocer de primera mano todas las novedades de la marca en Zaragoza, Barcelona, Madrid, C\u00f3rdoba o Badajoz.<\/p>\n<p>&nbsp;<\/p>\n","protected":false},"excerpt":{"rendered":"<p>Cuidar y responder a las necesidades m\u00e1s especiales de nuestros clientes es parte de nuestro ADN. Por ello, cuando\u00a0Haier Aire\u00a0nos habl\u00f3 de su roadshow dimos con la soluci\u00f3n perfecta. Junto a ellos enfocamos la\u00a0soluci\u00f3n de transporte id\u00f3nea\u00a0y durante julio y agosto estaremos recorriendo las carreteras&#8230;<\/p>\n","protected":false},"author":3,"featured_media":2940,"comment_status":"open","ping_status":"closed","sticky":false,"template":"","format":"standard","meta":{"footnotes":""},"categories":[20],"tags":[],"class_list":["post-2939","post","type-post","status-publish","format-standard","has-post-thumbnail","hentry","category-cat-noticias"],"yoast_head":"<!-- This site is optimized with the Yoast SEO plugin v27.1.1 - https:\/\/yoast.com\/product\/yoast-seo-wordpress\/ -->\n<title>Transaher acompa\u00f1a a Haier en su roadshow por Espa\u00f1a | Transaher<\/title>\n<meta name=\"description\" content=\"Transaher es el operador de transporte elegido por Haier para su roadshow de climatizaci\u00f3n con el que recorr\u00e1 Espa\u00f1a este verano.\" \/>\n<meta name=\"robots\" content=\"index, follow, max-snippet:-1, max-image-preview:large, max-video-preview:-1\" \/>\n<link rel=\"canonical\" href=\"https:\/\/transaher.es\/transaher-acompana-a-haier-en-su-roadshow-por-espana\/\" \/>\n<meta property=\"og:locale\" content=\"en_US\" \/>\n<meta property=\"og:type\" content=\"article\" \/>\n<meta property=\"og:title\" content=\"Transaher acompa\u00f1a a Haier en su roadshow por Espa\u00f1a | Transaher\" \/>\n<meta property=\"og:description\" content=\"Transaher es el operador de transporte elegido por Haier para su roadshow de climatizaci\u00f3n con el que recorr\u00e1 Espa\u00f1a este verano.\" \/>\n<meta property=\"og:url\" content=\"https:\/\/transaher.es\/transaher-acompana-a-haier-en-su-roadshow-por-espana\/\" \/>\n<meta property=\"og:site_name\" content=\"Transaher\" \/>\n<meta property=\"article:publisher\" content=\"https:\/\/www.facebook.com\/transaher.es\/\" \/>\n<meta property=\"article:published_time\" content=\"2021-07-20T08:04:33+00:00\" \/>\n<meta property=\"article:modified_time\" content=\"2023-06-19T07:26:30+00:00\" \/>\n<meta property=\"og:image\" content=\"https:\/\/transaher.es\/wp-content\/uploads\/2021\/07\/1626191625377.jpg\" \/>\n\t<meta property=\"og:image:width\" content=\"800\" \/>\n\t<meta property=\"og:image:height\" content=\"650\" \/>\n\t<meta property=\"og:image:type\" content=\"image\/jpeg\" \/>\n<meta name=\"author\" content=\"jmocana Transaher\" \/>\n<meta name=\"twitter:card\" content=\"summary_large_image\" \/>\n<meta name=\"twitter:creator\" content=\"@Transaher\" \/>\n<meta name=\"twitter:site\" content=\"@Transaher\" \/>\n<meta name=\"twitter:label1\" content=\"Written by\" \/>\n\t<meta name=\"twitter:data1\" content=\"jmocana Transaher\" \/>\n\t<meta name=\"twitter:label2\" content=\"Est. reading time\" \/>\n\t<meta name=\"twitter:data2\" content=\"1 minute\" \/>\n<script type=\"application\/ld+json\" class=\"yoast-schema-graph\">{\"@context\":\"https:\/\/schema.org\",\"@graph\":[{\"@type\":\"Article\",\"@id\":\"https:\/\/transaher.es\/transaher-acompana-a-haier-en-su-roadshow-por-espana\/#article\",\"isPartOf\":{\"@id\":\"https:\/\/transaher.es\/transaher-acompana-a-haier-en-su-roadshow-por-espana\/\"},\"author\":{\"name\":\"jmocana Transaher\",\"@id\":\"https:\/\/transaher.es\/#\/schema\/person\/2bb810b0a39a31754345c003f92516fd\"},\"headline\":\"Transaher acompa\u00f1a a Haier en su roadshow por Espa\u00f1a\",\"datePublished\":\"2021-07-20T08:04:33+00:00\",\"dateModified\":\"2023-06-19T07:26:30+00:00\",\"mainEntityOfPage\":{\"@id\":\"https:\/\/transaher.es\/transaher-acompana-a-haier-en-su-roadshow-por-espana\/\"},\"wordCount\":122,\"commentCount\":0,\"publisher\":{\"@id\":\"https:\/\/transaher.es\/#organization\"},\"image\":{\"@id\":\"https:\/\/transaher.es\/transaher-acompana-a-haier-en-su-roadshow-por-espana\/#primaryimage\"},\"thumbnailUrl\":\"https:\/\/transaher.es\/wp-content\/uploads\/2021\/07\/1626191625377.jpg\",\"articleSection\":[\"Noticias\"],\"inLanguage\":\"en-US\",\"potentialAction\":[{\"@type\":\"CommentAction\",\"name\":\"Comment\",\"target\":[\"https:\/\/transaher.es\/transaher-acompana-a-haier-en-su-roadshow-por-espana\/#respond\"]}]},{\"@type\":\"WebPage\",\"@id\":\"https:\/\/transaher.es\/transaher-acompana-a-haier-en-su-roadshow-por-espana\/\",\"url\":\"https:\/\/transaher.es\/transaher-acompana-a-haier-en-su-roadshow-por-espana\/\",\"name\":\"Transaher acompa\u00f1a a Haier en su roadshow por Espa\u00f1a | Transaher\",\"isPartOf\":{\"@id\":\"https:\/\/transaher.es\/#website\"},\"primaryImageOfPage\":{\"@id\":\"https:\/\/transaher.es\/transaher-acompana-a-haier-en-su-roadshow-por-espana\/#primaryimage\"},\"image\":{\"@id\":\"https:\/\/transaher.es\/transaher-acompana-a-haier-en-su-roadshow-por-espana\/#primaryimage\"},\"thumbnailUrl\":\"https:\/\/transaher.es\/wp-content\/uploads\/2021\/07\/1626191625377.jpg\",\"datePublished\":\"2021-07-20T08:04:33+00:00\",\"dateModified\":\"2023-06-19T07:26:30+00:00\",\"description\":\"Transaher es el operador de transporte elegido por Haier para su roadshow de climatizaci\u00f3n con el que recorr\u00e1 Espa\u00f1a este verano.\",\"breadcrumb\":{\"@id\":\"https:\/\/transaher.es\/transaher-acompana-a-haier-en-su-roadshow-por-espana\/#breadcrumb\"},\"inLanguage\":\"en-US\",\"potentialAction\":[{\"@type\":\"ReadAction\",\"target\":[\"https:\/\/transaher.es\/transaher-acompana-a-haier-en-su-roadshow-por-espana\/\"]}]},{\"@type\":\"ImageObject\",\"inLanguage\":\"en-US\",\"@id\":\"https:\/\/transaher.es\/transaher-acompana-a-haier-en-su-roadshow-por-espana\/#primaryimage\",\"url\":\"https:\/\/transaher.es\/wp-content\/uploads\/2021\/07\/1626191625377.jpg\",\"contentUrl\":\"https:\/\/transaher.es\/wp-content\/uploads\/2021\/07\/1626191625377.jpg\",\"width\":800,\"height\":650},{\"@type\":\"BreadcrumbList\",\"@id\":\"https:\/\/transaher.es\/transaher-acompana-a-haier-en-su-roadshow-por-espana\/#breadcrumb\",\"itemListElement\":[{\"@type\":\"ListItem\",\"position\":1,\"name\":\"Portada\",\"item\":\"https:\/\/transaher.es\/en\/home\/\"},{\"@type\":\"ListItem\",\"position\":2,\"name\":\"Transaher acompa\u00f1a a Haier en su roadshow por Espa\u00f1a\"}]},{\"@type\":\"WebSite\",\"@id\":\"https:\/\/transaher.es\/#website\",\"url\":\"https:\/\/transaher.es\/\",\"name\":\"Transaher\",\"description\":\"\",\"publisher\":{\"@id\":\"https:\/\/transaher.es\/#organization\"},\"potentialAction\":[{\"@type\":\"SearchAction\",\"target\":{\"@type\":\"EntryPoint\",\"urlTemplate\":\"https:\/\/transaher.es\/?s={search_term_string}\"},\"query-input\":{\"@type\":\"PropertyValueSpecification\",\"valueRequired\":true,\"valueName\":\"search_term_string\"}}],\"inLanguage\":\"en-US\"},{\"@type\":\"Organization\",\"@id\":\"https:\/\/transaher.es\/#organization\",\"name\":\"Transaher\",\"url\":\"https:\/\/transaher.es\/\",\"logo\":{\"@type\":\"ImageObject\",\"inLanguage\":\"en-US\",\"@id\":\"https:\/\/transaher.es\/#\/schema\/logo\/image\/\",\"url\":\"https:\/\/transaher.es\/wp-content\/uploads\/2018\/09\/transaher-logo-noa.png\",\"contentUrl\":\"https:\/\/transaher.es\/wp-content\/uploads\/2018\/09\/transaher-logo-noa.png\",\"width\":400,\"height\":105,\"caption\":\"Transaher\"},\"image\":{\"@id\":\"https:\/\/transaher.es\/#\/schema\/logo\/image\/\"},\"sameAs\":[\"https:\/\/www.facebook.com\/transaher.es\/\",\"https:\/\/x.com\/Transaher\",\"https:\/\/www.linkedin.com\/company\/transahersmartlogistics\/about\/\",\"https:\/\/www.youtube.com\/channel\/UCPWuHRLo4Lvp5uv4qI94ZYQ\"]},{\"@type\":\"Person\",\"@id\":\"https:\/\/transaher.es\/#\/schema\/person\/2bb810b0a39a31754345c003f92516fd\",\"name\":\"jmocana Transaher\",\"image\":{\"@type\":\"ImageObject\",\"inLanguage\":\"en-US\",\"@id\":\"https:\/\/transaher.es\/#\/schema\/person\/image\/\",\"url\":\"https:\/\/secure.gravatar.com\/avatar\/79834e35777a9d563b0fc8d14ec3d2e94e89cfd375e02324e5e4e1d0e5469dee?s=96&d=mm&r=g\",\"contentUrl\":\"https:\/\/secure.gravatar.com\/avatar\/79834e35777a9d563b0fc8d14ec3d2e94e89cfd375e02324e5e4e1d0e5469dee?s=96&d=mm&r=g\",\"caption\":\"jmocana Transaher\"}}]}<\/script>\n<!-- \/ Yoast SEO plugin. -->","yoast_head_json":{"title":"Transaher acompa\u00f1a a Haier en su roadshow por Espa\u00f1a | Transaher","description":"Transaher es el operador de transporte elegido por Haier para su roadshow de climatizaci\u00f3n con el que recorr\u00e1 Espa\u00f1a este verano.","robots":{"index":"index","follow":"follow","max-snippet":"max-snippet:-1","max-image-preview":"max-image-preview:large","max-video-preview":"max-video-preview:-1"},"canonical":"https:\/\/transaher.es\/transaher-acompana-a-haier-en-su-roadshow-por-espana\/","og_locale":"en_US","og_type":"article","og_title":"Transaher acompa\u00f1a a Haier en su roadshow por Espa\u00f1a | Transaher","og_description":"Transaher es el operador de transporte elegido por Haier para su roadshow de climatizaci\u00f3n con el que recorr\u00e1 Espa\u00f1a este verano.","og_url":"https:\/\/transaher.es\/transaher-acompana-a-haier-en-su-roadshow-por-espana\/","og_site_name":"Transaher","article_publisher":"https:\/\/www.facebook.com\/transaher.es\/","article_published_time":"2021-07-20T08:04:33+00:00","article_modified_time":"2023-06-19T07:26:30+00:00","og_image":[{"width":800,"height":650,"url":"https:\/\/transaher.es\/wp-content\/uploads\/2021\/07\/1626191625377.jpg","type":"image\/jpeg"}],"author":"jmocana Transaher","twitter_card":"summary_large_image","twitter_creator":"@Transaher","twitter_site":"@Transaher","twitter_misc":{"Written by":"jmocana Transaher","Est. reading time":"1 minute"},"schema":{"@context":"https:\/\/schema.org","@graph":[{"@type":"Article","@id":"https:\/\/transaher.es\/transaher-acompana-a-haier-en-su-roadshow-por-espana\/#article","isPartOf":{"@id":"https:\/\/transaher.es\/transaher-acompana-a-haier-en-su-roadshow-por-espana\/"},"author":{"name":"jmocana Transaher","@id":"https:\/\/transaher.es\/#\/schema\/person\/2bb810b0a39a31754345c003f92516fd"},"headline":"Transaher acompa\u00f1a a Haier en su roadshow por Espa\u00f1a","datePublished":"2021-07-20T08:04:33+00:00","dateModified":"2023-06-19T07:26:30+00:00","mainEntityOfPage":{"@id":"https:\/\/transaher.es\/transaher-acompana-a-haier-en-su-roadshow-por-espana\/"},"wordCount":122,"commentCount":0,"publisher":{"@id":"https:\/\/transaher.es\/#organization"},"image":{"@id":"https:\/\/transaher.es\/transaher-acompana-a-haier-en-su-roadshow-por-espana\/#primaryimage"},"thumbnailUrl":"https:\/\/transaher.es\/wp-content\/uploads\/2021\/07\/1626191625377.jpg","articleSection":["Noticias"],"inLanguage":"en-US","potentialAction":[{"@type":"CommentAction","name":"Comment","target":["https:\/\/transaher.es\/transaher-acompana-a-haier-en-su-roadshow-por-espana\/#respond"]}]},{"@type":"WebPage","@id":"https:\/\/transaher.es\/transaher-acompana-a-haier-en-su-roadshow-por-espana\/","url":"https:\/\/transaher.es\/transaher-acompana-a-haier-en-su-roadshow-por-espana\/","name":"Transaher acompa\u00f1a a Haier en su roadshow por Espa\u00f1a | Transaher","isPartOf":{"@id":"https:\/\/transaher.es\/#website"},"primaryImageOfPage":{"@id":"https:\/\/transaher.es\/transaher-acompana-a-haier-en-su-roadshow-por-espana\/#primaryimage"},"image":{"@id":"https:\/\/transaher.es\/transaher-acompana-a-haier-en-su-roadshow-por-espana\/#primaryimage"},"thumbnailUrl":"https:\/\/transaher.es\/wp-content\/uploads\/2021\/07\/1626191625377.jpg","datePublished":"2021-07-20T08:04:33+00:00","dateModified":"2023-06-19T07:26:30+00:00","description":"Transaher es el operador de transporte elegido por Haier para su roadshow de climatizaci\u00f3n con el que recorr\u00e1 Espa\u00f1a este verano.","breadcrumb":{"@id":"https:\/\/transaher.es\/transaher-acompana-a-haier-en-su-roadshow-por-espana\/#breadcrumb"},"inLanguage":"en-US","potentialAction":[{"@type":"ReadAction","target":["https:\/\/transaher.es\/transaher-acompana-a-haier-en-su-roadshow-por-espana\/"]}]},{"@type":"ImageObject","inLanguage":"en-US","@id":"https:\/\/transaher.es\/transaher-acompana-a-haier-en-su-roadshow-por-espana\/#primaryimage","url":"https:\/\/transaher.es\/wp-content\/uploads\/2021\/07\/1626191625377.jpg","contentUrl":"https:\/\/transaher.es\/wp-content\/uploads\/2021\/07\/1626191625377.jpg","width":800,"height":650},{"@type":"BreadcrumbList","@id":"https:\/\/transaher.es\/transaher-acompana-a-haier-en-su-roadshow-por-espana\/#breadcrumb","itemListElement":[{"@type":"ListItem","position":1,"name":"Portada","item":"https:\/\/transaher.es\/en\/home\/"},{"@type":"ListItem","position":2,"name":"Transaher acompa\u00f1a a Haier en su roadshow por Espa\u00f1a"}]},{"@type":"WebSite","@id":"https:\/\/transaher.es\/#website","url":"https:\/\/transaher.es\/","name":"Transaher","description":"","publisher":{"@id":"https:\/\/transaher.es\/#organization"},"potentialAction":[{"@type":"SearchAction","target":{"@type":"EntryPoint","urlTemplate":"https:\/\/transaher.es\/?s={search_term_string}"},"query-input":{"@type":"PropertyValueSpecification","valueRequired":true,"valueName":"search_term_string"}}],"inLanguage":"en-US"},{"@type":"Organization","@id":"https:\/\/transaher.es\/#organization","name":"Transaher","url":"https:\/\/transaher.es\/","logo":{"@type":"ImageObject","inLanguage":"en-US","@id":"https:\/\/transaher.es\/#\/schema\/logo\/image\/","url":"https:\/\/transaher.es\/wp-content\/uploads\/2018\/09\/transaher-logo-noa.png","contentUrl":"https:\/\/transaher.es\/wp-content\/uploads\/2018\/09\/transaher-logo-noa.png","width":400,"height":105,"caption":"Transaher"},"image":{"@id":"https:\/\/transaher.es\/#\/schema\/logo\/image\/"},"sameAs":["https:\/\/www.facebook.com\/transaher.es\/","https:\/\/x.com\/Transaher","https:\/\/www.linkedin.com\/company\/transahersmartlogistics\/about\/","https:\/\/www.youtube.com\/channel\/UCPWuHRLo4Lvp5uv4qI94ZYQ"]},{"@type":"Person","@id":"https:\/\/transaher.es\/#\/schema\/person\/2bb810b0a39a31754345c003f92516fd","name":"jmocana Transaher","image":{"@type":"ImageObject","inLanguage":"en-US","@id":"https:\/\/transaher.es\/#\/schema\/person\/image\/","url":"https:\/\/secure.gravatar.com\/avatar\/79834e35777a9d563b0fc8d14ec3d2e94e89cfd375e02324e5e4e1d0e5469dee?s=96&d=mm&r=g","contentUrl":"https:\/\/secure.gravatar.com\/avatar\/79834e35777a9d563b0fc8d14ec3d2e94e89cfd375e02324e5e4e1d0e5469dee?s=96&d=mm&r=g","caption":"jmocana Transaher"}}]}},"_links":{"self":[{"href":"https:\/\/transaher.es\/en\/wp-json\/wp\/v2\/posts\/2939","targetHints":{"allow":["GET"]}}],"collection":[{"href":"https:\/\/transaher.es\/en\/wp-json\/wp\/v2\/posts"}],"about":[{"href":"https:\/\/transaher.es\/en\/wp-json\/wp\/v2\/types\/post"}],"author":[{"embeddable":true,"href":"https:\/\/transaher.es\/en\/wp-json\/wp\/v2\/users\/3"}],"replies":[{"embeddable":true,"href":"https:\/\/transaher.es\/en\/wp-json\/wp\/v2\/comments?post=2939"}],"version-history":[{"count":0,"href":"https:\/\/transaher.es\/en\/wp-json\/wp\/v2\/posts\/2939\/revisions"}],"wp:featuredmedia":[{"embeddable":true,"href":"https:\/\/transaher.es\/en\/wp-json\/wp\/v2\/media\/2940"}],"wp:attachment":[{"href":"https:\/\/transaher.es\/en\/wp-json\/wp\/v2\/media?parent=2939"}],"wp:term":[{"taxonomy":"category","embeddable":true,"href":"https:\/\/transaher.es\/en\/wp-json\/wp\/v2\/categories?post=2939"},{"taxonomy":"post_tag","embeddable":true,"href":"https:\/\/transaher.es\/en\/wp-json\/wp\/v2\/tags?post=2939"}],"curies":[{"name":"wp","href":"https:\/\/api.w.org\/{rel}","templated":true}]}}